[{"@context":"https:\/\/schema.org\/","@type":"Article","@id":"https:\/\/www.cebera.cz\/datum-ktere-si-budete-vzdy-pamatovat\/#Article","mainEntityOfPage":"https:\/\/www.cebera.cz\/datum-ktere-si-budete-vzdy-pamatovat\/","headline":"Datum, kter\u00e9 si budete v\u017edy pamatovat","name":"Datum, kter\u00e9 si budete v\u017edy pamatovat","description":"Chyst\u00e1te se vd\u00e1vat? Nab\u00edz\u00edme v\u00e1m tisk svatebn\u00ed ozn\u00e1men\u00ed, kter\u00e9 se v\u00e1m budou jist\u011b l\u00edbit. V nab\u00eddce m\u00e1me klasick\u00e9 zbo\u017e\u00ed, ale tak\u00e9 velmi luxusn\u00ed &#8211; nap\u0159\u00edklad v\u010detn\u011b p\u0159ekr\u00e1sn\u00e9 stuhy a spony s leskl\u00fdmi kam\u00ednky. Nebo pokud byste cht\u011bli vytisknout jin\u00e9 ne\u017e v b\u00edl\u00e9 barv\u011b, nen\u00ed to pro n\u00e1s probl\u00e9m. \u010casto si na\u0161i z\u00e1kazn\u00edci objedn\u00e1vaj\u00ed tisk v...","datePublished":"2025-09-04","dateModified":"2025-09-04","author":{"@type":"Person","@id":"https:\/\/www.cebera.cz\/author\/#Person","name":"","url":"https:\/\/www.cebera.cz\/author\/","identifier":1,"image":{"@type":"ImageObject","@id":"https:\/\/secure.gravatar.com\/avatar\/bbaa4e9a58aac4329fe0ade0f3fb816f09f0dc43c21f6e884dccfbc124b16b29?s=96&d=mm&r=g","url":"https:\/\/secure.gravatar.com\/avatar\/bbaa4e9a58aac4329fe0ade0f3fb816f09f0dc43c21f6e884dccfbc124b16b29?s=96&d=mm&r=g","height":96,"width":96}},"publisher":{"@type":"Organization","name":"cebera.cz","logo":{"@type":"ImageObject","@id":"\/logo.png","url":"\/logo.png","width":600,"height":60}},"url":"https:\/\/www.cebera.cz\/datum-ktere-si-budete-vzdy-pamatovat\/","wordCount":161,"articleBody":"Chyst\u00e1te se vd\u00e1vat? Nab\u00edz\u00edme v\u00e1m tisk svatebn\u00ed ozn\u00e1men\u00ed, kter\u00e9 se v\u00e1m budou jist\u011b l\u00edbit. V nab\u00eddce m\u00e1me klasick\u00e9 zbo\u017e\u00ed, ale tak\u00e9 velmi luxusn\u00ed &#8211; nap\u0159\u00edklad v\u010detn\u011b p\u0159ekr\u00e1sn\u00e9 stuhy a spony s leskl\u00fdmi kam\u00ednky. Nebo pokud byste cht\u011bli vytisknout jin\u00e9 ne\u017e v b\u00edl\u00e9 barv\u011b, nen\u00ed to pro n\u00e1s probl\u00e9m. \u010casto si na\u0161i z\u00e1kazn\u00edci objedn\u00e1vaj\u00ed tisk v barv\u011b v\u00ednov\u00e9 nebo sv\u011btle modr\u00e9. Zaj\u00edmav\u00e9 jsou tak\u00e9 v barv\u00e1ch zlata. Ud\u011blejte si kr\u00e1sn\u00fd den Z\u00e1le\u017e\u00ed jen na v\u00e1s, jak\u00e9 svatebn\u00ed ozn\u00e1men\u00ed si vyberete. Ka\u017edou objedn\u00e1vku, kterou si u n\u00e1s z\u00e1kazn\u00edci ud\u011blaj\u00ed, zpracujeme naprosto profesion\u00e1ln\u011b a precizn\u011b. P\u0159esn\u011b tak, jak bychom ji zpracov\u00e1vali, kdyby to bylo na na\u0161\u00ed vlastn\u00ed slavnost. Spokojenost na\u0161ich z\u00e1kazn\u00edk\u016f je u n\u00e1s na prvn\u00edm m\u00edst\u011b.                                                                                                                                                                                                                                                                                                                                                                                                "},{"@context":"https:\/\/schema.org\/","@type":"BreadcrumbList","itemListElement":[{"@type":"ListItem","position":1,"name":"Datum, kter\u00e9 si budete v\u017edy pamatovat","item":"https:\/\/www.cebera.cz\/datum-ktere-si-budete-vzdy-pamatovat\/#breadcrumbitem"}]}]