[{"@context":"https:\/\/schema.org\/","@type":"Article","@id":"https:\/\/www.cebera.cz\/dovolena-v-alpach\/#Article","mainEntityOfPage":"https:\/\/www.cebera.cz\/dovolena-v-alpach\/","headline":"Dovolen\u00e1 v Alp\u00e1ch","name":"Dovolen\u00e1 v Alp\u00e1ch","description":"\u00a0Je to kousek od n\u00e1s a je tam n\u00e1dhern\u011b. Vyzkou\u0161ejte Schladming. Vlakem za pouh\u00fdch \u0161est hodin, se dv\u011bma p\u0159estupy. Tak\u017ee cesta absolutn\u011b nen\u00e1ro\u010dn\u00e1 a pokud nebudou opravovat koleje, tak i pom\u011brn\u011b rychl\u00e1. Pojedete nejprve do V\u00eddn\u011b, kde na hlavn\u00edm n\u00e1dra\u017e\u00ed p\u0159esed\u00e1te na dal\u0161\u00ed vlak do m\u011bste\u010dka Bruck an der Mur. Pak jedete jen kousek na...","datePublished":"2023-08-05","dateModified":"2023-08-05","author":{"@type":"Person","@id":"https:\/\/www.cebera.cz\/author\/#Person","name":"","url":"https:\/\/www.cebera.cz\/author\/","identifier":1,"image":{"@type":"ImageObject","@id":"https:\/\/secure.gravatar.com\/avatar\/bbaa4e9a58aac4329fe0ade0f3fb816f09f0dc43c21f6e884dccfbc124b16b29?s=96&d=mm&r=g","url":"https:\/\/secure.gravatar.com\/avatar\/bbaa4e9a58aac4329fe0ade0f3fb816f09f0dc43c21f6e884dccfbc124b16b29?s=96&d=mm&r=g","height":96,"width":96}},"publisher":{"@type":"Organization","name":"cebera.cz","logo":{"@type":"ImageObject","@id":"\/logo.png","url":"\/logo.png","width":600,"height":60}},"image":{"@type":"ImageObject","@id":"https:\/\/www.cebera.cz\/wp-content\/uploads\/dachstein-3619487_640.jpg","url":"https:\/\/www.cebera.cz\/wp-content\/uploads\/dachstein-3619487_640.jpg","height":0,"width":0},"url":"https:\/\/www.cebera.cz\/dovolena-v-alpach\/","about":["Dovolen\u00e1"],"wordCount":405,"articleBody":"\u00a0Je to kousek od n\u00e1s a je tam n\u00e1dhern\u011b. Vyzkou\u0161ejte Schladming. Vlakem za pouh\u00fdch \u0161est hodin, se dv\u011bma p\u0159estupy. Tak\u017ee cesta absolutn\u011b nen\u00e1ro\u010dn\u00e1 a pokud nebudou opravovat koleje, tak i pom\u011brn\u011b rychl\u00e1. Pojedete nejprve do V\u00eddn\u011b, kde na hlavn\u00edm n\u00e1dra\u017e\u00ed p\u0159esed\u00e1te na dal\u0161\u00ed vlak do m\u011bste\u010dka Bruck an der Mur. Pak jedete jen kousek na kl\u00ed\u010dov\u00fd p\u0159estup ve m\u011bste\u010dku Sant Michael in Obersteiermark. Zde p\u0159esed\u00e1te na vlak posledn\u00ed, kter\u00fd v\u00e1s zaveze a\u017e do c\u00edlov\u00e9 stanice. \u00a0Zde budete mo\u017en\u00e1 trochu zasko\u010deni jako j\u00e1, proto\u017ee to tady rozhodn\u011b nevypad\u00e1 na to, \u010d\u00edm vlastn\u011b Schladming je. Ale jakmile opust\u00edte n\u00e1dra\u017e\u00ed, ihned v\u00e1m bude jasn\u00e9, kam jste p\u0159i\u0161li. Tak\u017ee se b\u011b\u017ete ubytovat a pak u\u017e m\u016f\u017eete vyrazit na cesty a cesti\u010dky v\u0161ude kolem m\u011bsta. P\u0159i ubytov\u00e1n\u00ed si nezapome\u0148te \u0159\u00edci o kartu, n\u011bco jako pass, kter\u00fd v\u00e1m umo\u017en\u00ed pou\u017e\u00edt jednu lanovku denn\u011b zadarmo a tak\u00e9 autobusov\u00e9 spoje. Ty omezeny nijak nejsou. Asi jako prvn\u00ed v\u00fdlet byste se m\u011bli vydat kolem divok\u00e9 \u0159eky s n\u00e1zvem Talbach n\u00e1dhern\u00fdm ka\u0148onem vzh\u016fru a\u017e ke Freiwillige Feuerwehr Untertal-Rohrmoos. Zde uvid\u00edte hned n\u011bkolik budov, ke kter\u00fdm kdy\u017e dojdete m\u016f\u017eete si d\u00e1t t\u0159eba ob\u011bd a vr\u00e1tit se zp\u011bt.\u00a0Jako dal\u0161\u00ed v\u00fdlet m\u00e1te mo\u017enost pod\u00edvat se nahoru na Planai, kde se to hem\u017e\u00ed r\u016fzn\u00fdmi atrakcemi, tak\u017ee si ani nep\u0159ipad\u00e1te jako na hor\u00e1ch. Odsud je nespo\u010det mo\u017enost\u00ed vydat se na jakoukoli horskou t\u00faru. I tu m\u00e9n\u011b n\u00e1ro\u010dnou. Zp\u00e1tky m\u016f\u017eete sej\u00edt p\u011b\u0161ky nebo op\u011bt lanovkou. \u00a0Jako vrchol cel\u00e9 dovolen\u00e9 byste m\u011bli nav\u0161t\u00edvit Dachstain. Tam m\u016f\u017eete vyjet autem, ale parkovi\u0161t\u011b b\u00fdv\u00e1 p\u0159epln\u011bn\u00e9, a tak se m\u016f\u017ee st\u00e1t, \u017ee bude \u010dekat klidn\u011b i dv\u011b hodiny. Autobusy jezd\u00ed st\u00e1le, tak\u017ee rad\u011bji pou\u017eijte tuto dopravu. Nu a kdy\u017e pak vyjedete nahoru objednanou lanovkou, abyste ne\u010dekali, uvid\u00edte naho\u0159e na Dachstainu sam\u00e9 z\u00e1zraky. A neprozrad\u00edm jak\u00e9. Nu\u017ee, nev\u00e1hejte a za\u010dn\u011bte si balit kufry. Uvid\u00edte, \u017ee nebudete litovat.\u00a0                                                                                                                                                                                                                                                                                                                                                                                        4.7\/5 - (7 votes)        "},{"@context":"https:\/\/schema.org\/","@type":"BreadcrumbList","itemListElement":[{"@type":"ListItem","position":1,"name":"Dovolen\u00e1 v Alp\u00e1ch","item":"https:\/\/www.cebera.cz\/dovolena-v-alpach\/#breadcrumbitem"}]}]