{"@context":"https:\/\/schema.org\/","@type":"CollectionPage","@id":"https:\/\/www.cebera.cz\/dum-a-zahrada\/#CollectionPage","headline":"D\u016fm a zahrada Category","description":"","url":"https:\/\/www.cebera.cz\/dum-a-zahrada\/","hasPart":[{"@type":"Article","@id":"https:\/\/www.cebera.cz\/nezapominejte-pri-navrhu-interieru-na-vyjadreni-barev\/","headline":"Nezapom\u00ednejte p\u0159i n\u00e1vrhu interi\u00e9ru na vyj\u00e1d\u0159en\u00ed barev","url":"https:\/\/www.cebera.cz\/nezapominejte-pri-navrhu-interieru-na-vyjadreni-barev\/","datePublished":"2025-03-24","dateModified":"2025-03-24","mainEntityOfPage":"https:\/\/www.cebera.cz\/nezapominejte-pri-navrhu-interieru-na-vyjadreni-barev\/","author":{"@type":"Person","@id":"https:\/\/www.cebera.cz\/author\/#Person","name":"","url":"https:\/\/www.cebera.cz\/author\/","identifier":1,"image":{"@type":"ImageObject","@id":"https:\/\/secure.gravatar.com\/avatar\/bbaa4e9a58aac4329fe0ade0f3fb816f09f0dc43c21f6e884dccfbc124b16b29?s=96&d=mm&r=g","url":"https:\/\/secure.gravatar.com\/avatar\/bbaa4e9a58aac4329fe0ade0f3fb816f09f0dc43c21f6e884dccfbc124b16b29?s=96&d=mm&r=g","height":96,"width":96}},"publisher":{"@type":"Organization","name":"cebera.cz","logo":{"@type":"ImageObject","@id":"\/logo.png","url":"\/logo.png","width":600,"height":60}},"image":{"@type":"ImageObject","@id":"https:\/\/www.cebera.cz\/wp-content\/uploads\/interior-4130787_640.jpg","url":"https:\/\/www.cebera.cz\/wp-content\/uploads\/interior-4130787_640.jpg","height":0,"width":0},"keywords":null},{"@type":"Article","@id":"https:\/\/www.cebera.cz\/nebankovni-financovani-vam-muze-pomoci-v-tezke-zivotni-situaci\/","headline":"Nebankovn\u00ed financov\u00e1n\u00ed v\u00e1m m\u016f\u017ee pomoci v t\u011b\u017ek\u00e9 \u017eivotn\u00ed situaci","url":"https:\/\/www.cebera.cz\/nebankovni-financovani-vam-muze-pomoci-v-tezke-zivotni-situaci\/","datePublished":"2022-10-29","dateModified":"2022-10-29","mainEntityOfPage":"https:\/\/www.cebera.cz\/nebankovni-financovani-vam-muze-pomoci-v-tezke-zivotni-situaci\/","author":{"@type":"Person","@id":"https:\/\/www.cebera.cz\/author\/#Person","name":"","url":"https:\/\/www.cebera.cz\/author\/","identifier":1,"image":{"@type":"ImageObject","@id":"https:\/\/secure.gravatar.com\/avatar\/bbaa4e9a58aac4329fe0ade0f3fb816f09f0dc43c21f6e884dccfbc124b16b29?s=96&d=mm&r=g","url":"https:\/\/secure.gravatar.com\/avatar\/bbaa4e9a58aac4329fe0ade0f3fb816f09f0dc43c21f6e884dccfbc124b16b29?s=96&d=mm&r=g","height":96,"width":96}},"publisher":{"@type":"Organization","name":"cebera.cz","logo":{"@type":"ImageObject","@id":"\/logo.png","url":"\/logo.png","width":600,"height":60}},"image":{"@type":"ImageObject","@id":"https:\/\/www.cebera.cz\/wp-content\/uploads\/pexels-karolina-grabowska-7876094.jpg","url":"https:\/\/www.cebera.cz\/wp-content\/uploads\/pexels-karolina-grabowska-7876094.jpg","height":0,"width":0},"keywords":null},{"@type":"Article","@id":"https:\/\/www.cebera.cz\/bytovy-architekt-zmeni-vase-sny-ve-skutecnost\/","headline":"Bytov\u00fd architekt zm\u011bn\u00ed va\u0161e sny ve skute\u010dnost","url":"https:\/\/www.cebera.cz\/bytovy-architekt-zmeni-vase-sny-ve-skutecnost\/","datePublished":"2020-11-04","dateModified":"2023-05-11","mainEntityOfPage":"https:\/\/www.cebera.cz\/bytovy-architekt-zmeni-vase-sny-ve-skutecnost\/","author":{"@type":"Person","@id":"https:\/\/www.cebera.cz\/author\/#Person","name":"","url":"https:\/\/www.cebera.cz\/author\/","identifier":1,"image":{"@type":"ImageObject","@id":"https:\/\/secure.gravatar.com\/avatar\/bbaa4e9a58aac4329fe0ade0f3fb816f09f0dc43c21f6e884dccfbc124b16b29?s=96&d=mm&r=g","url":"https:\/\/secure.gravatar.com\/avatar\/bbaa4e9a58aac4329fe0ade0f3fb816f09f0dc43c21f6e884dccfbc124b16b29?s=96&d=mm&r=g","height":96,"width":96}},"publisher":{"@type":"Organization","name":"cebera.cz","logo":{"@type":"ImageObject","@id":"\/logo.png","url":"\/logo.png","width":600,"height":60}},"image":{"@type":"ImageObject","@id":"https:\/\/www.cebera.cz\/wp-content\/uploads\/kuchyn%C4%9B%20design.jpg","url":"https:\/\/www.cebera.cz\/wp-content\/uploads\/kuchyn%C4%9B%20design.jpg","height":0,"width":0},"keywords":null},{"@type":"Article","@id":"https:\/\/www.cebera.cz\/cena-je-u-bydleni-zasadni\/","headline":"Cena je u bydlen\u00ed z\u00e1sadn\u00ed","url":"https:\/\/www.cebera.cz\/cena-je-u-bydleni-zasadni\/","datePublished":"2020-01-09","dateModified":"2023-05-11","mainEntityOfPage":"https:\/\/www.cebera.cz\/cena-je-u-bydleni-zasadni\/","author":{"@type":"Person","@id":"https:\/\/www.cebera.cz\/author\/#Person","name":"","url":"https:\/\/www.cebera.cz\/author\/","identifier":1,"image":{"@type":"ImageObject","@id":"https:\/\/secure.gravatar.com\/avatar\/bbaa4e9a58aac4329fe0ade0f3fb816f09f0dc43c21f6e884dccfbc124b16b29?s=96&d=mm&r=g","url":"https:\/\/secure.gravatar.com\/avatar\/bbaa4e9a58aac4329fe0ade0f3fb816f09f0dc43c21f6e884dccfbc124b16b29?s=96&d=mm&r=g","height":96,"width":96}},"publisher":{"@type":"Organization","name":"cebera.cz","logo":{"@type":"ImageObject","@id":"\/logo.png","url":"\/logo.png","width":600,"height":60}},"image":{"@type":"ImageObject","@id":"https:\/\/www.cebera.cz\/wp-content\/uploads\/img_a374727_w2147_t1586418240.jpg","url":"https:\/\/www.cebera.cz\/wp-content\/uploads\/img_a374727_w2147_t1586418240.jpg","height":0,"width":0},"keywords":null},{"@type":"Article","@id":"https:\/\/www.cebera.cz\/rekordmani-mezi-rostlinami\/","headline":"Rekordmani mezi rostlinami","url":"https:\/\/www.cebera.cz\/rekordmani-mezi-rostlinami\/","datePublished":"2019-11-21","dateModified":"2023-05-11","mainEntityOfPage":"https:\/\/www.cebera.cz\/rekordmani-mezi-rostlinami\/","author":{"@type":"Person","@id":"https:\/\/www.cebera.cz\/author\/#Person","name":"","url":"https:\/\/www.cebera.cz\/author\/","identifier":1,"image":{"@type":"ImageObject","@id":"https:\/\/secure.gravatar.com\/avatar\/bbaa4e9a58aac4329fe0ade0f3fb816f09f0dc43c21f6e884dccfbc124b16b29?s=96&d=mm&r=g","url":"https:\/\/secure.gravatar.com\/avatar\/bbaa4e9a58aac4329fe0ade0f3fb816f09f0dc43c21f6e884dccfbc124b16b29?s=96&d=mm&r=g","height":96,"width":96}},"publisher":{"@type":"Organization","name":"cebera.cz","logo":{"@type":"ImageObject","@id":"\/logo.png","url":"\/logo.png","width":600,"height":60}},"image":{"@type":"ImageObject","@id":"https:\/\/www.cebera.cz\/wp-content\/uploads\/img_a359362_w3255_t1573371130.jpg","url":"https:\/\/www.cebera.cz\/wp-content\/uploads\/img_a359362_w3255_t1573371130.jpg","height":0,"width":0},"keywords":null},{"@type":"Article","@id":"https:\/\/www.cebera.cz\/stylova-oslava-detskych-narozenin\/","headline":"Stylov\u00e1 oslava d\u011btsk\u00fdch narozenin","url":"https:\/\/www.cebera.cz\/stylova-oslava-detskych-narozenin\/","datePublished":"2018-12-21","dateModified":"2023-05-11","mainEntityOfPage":"https:\/\/www.cebera.cz\/stylova-oslava-detskych-narozenin\/","author":{"@type":"Person","@id":"https:\/\/www.cebera.cz\/author\/#Person","name":"","url":"https:\/\/www.cebera.cz\/author\/","identifier":1,"image":{"@type":"ImageObject","@id":"https:\/\/secure.gravatar.com\/avatar\/bbaa4e9a58aac4329fe0ade0f3fb816f09f0dc43c21f6e884dccfbc124b16b29?s=96&d=mm&r=g","url":"https:\/\/secure.gravatar.com\/avatar\/bbaa4e9a58aac4329fe0ade0f3fb816f09f0dc43c21f6e884dccfbc124b16b29?s=96&d=mm&r=g","height":96,"width":96}},"publisher":{"@type":"Organization","name":"cebera.cz","logo":{"@type":"ImageObject","@id":"\/logo.png","url":"\/logo.png","width":600,"height":60}},"image":{"@type":"ImageObject","@id":"https:\/\/www.cebera.cz\/wp-content\/uploads\/img_a332204_w1706_t1545058999.jpg","url":"https:\/\/www.cebera.cz\/wp-content\/uploads\/img_a332204_w1706_t1545058999.jpg","height":0,"width":0},"keywords":null}]}