[{"@context":"https:\/\/schema.org\/","@type":"Article","@id":"https:\/\/www.cebera.cz\/garazova-vrata-umi-prekvapit\/#Article","mainEntityOfPage":"https:\/\/www.cebera.cz\/garazova-vrata-umi-prekvapit\/","headline":"Gar\u00e1\u017eov\u00e1 vrata um\u00ed p\u0159ekvapit","name":"Gar\u00e1\u017eov\u00e1 vrata um\u00ed p\u0159ekvapit","description":"Sp\u00ed\u0161e ne\u017e vrata, tak dok\u00e1\u017e\u00ed p\u0159ekvapit samotn\u00ed v\u00fdrobci, kte\u0159\u00ed z\u00e1sobuj\u00ed celkem dob\u0159e n\u00e1\u0161 trh pr\u00e1v\u011b gar\u00e1\u017eov\u00fdmi vraty. Nen\u00ed divu, n\u00e1roky lid\u00ed rostou a stoupaj\u00ed, tud\u00ed\u017e je t\u0159eba nasytit trh a popt\u00e1vku. D\u00edky tomu, je skute\u010dn\u011b z \u010deho vyb\u00edrat a hodn\u011b bude z\u00e1le\u017eet na tom, kde vlastn\u011b gar\u00e1\u017e bude m\u00edt sv\u00e9 s\u00eddlo. Jednou z mo\u017enost\u00ed je...","datePublished":"2019-11-27","dateModified":"2023-05-11","author":{"@type":"Person","@id":"https:\/\/www.cebera.cz\/author\/#Person","name":"","url":"https:\/\/www.cebera.cz\/author\/","identifier":1,"image":{"@type":"ImageObject","@id":"https:\/\/secure.gravatar.com\/avatar\/bbaa4e9a58aac4329fe0ade0f3fb816f09f0dc43c21f6e884dccfbc124b16b29?s=96&d=mm&r=g","url":"https:\/\/secure.gravatar.com\/avatar\/bbaa4e9a58aac4329fe0ade0f3fb816f09f0dc43c21f6e884dccfbc124b16b29?s=96&d=mm&r=g","height":96,"width":96}},"publisher":{"@type":"Organization","name":"cebera.cz","logo":{"@type":"ImageObject","@id":"\/logo.png","url":"\/logo.png","width":600,"height":60}},"image":{"@type":"ImageObject","@id":"https:\/\/www.cebera.cz\/wp-content\/uploads\/img_a366503_w1748_t1579093603.jpg","url":"https:\/\/www.cebera.cz\/wp-content\/uploads\/img_a366503_w1748_t1579093603.jpg","height":0,"width":0},"url":"https:\/\/www.cebera.cz\/garazova-vrata-umi-prekvapit\/","wordCount":440,"articleBody":"   Sp\u00ed\u0161e ne\u017e vrata, tak dok\u00e1\u017e\u00ed p\u0159ekvapit samotn\u00ed v\u00fdrobci, kte\u0159\u00ed z\u00e1sobuj\u00ed celkem dob\u0159e n\u00e1\u0161 trh pr\u00e1v\u011b gar\u00e1\u017eov\u00fdmi vraty. Nen\u00ed divu, n\u00e1roky lid\u00ed rostou a stoupaj\u00ed, tud\u00ed\u017e je t\u0159eba nasytit trh a popt\u00e1vku. D\u00edky tomu, je skute\u010dn\u011b z \u010deho vyb\u00edrat a hodn\u011b bude z\u00e1le\u017eet na tom, kde vlastn\u011b gar\u00e1\u017e bude m\u00edt sv\u00e9 s\u00eddlo. Jednou z mo\u017enost\u00ed je napojen\u00ed k domku a druhou, kter\u00e1 byla d\u0159\u00edve celkem b\u011b\u017enou a dostupnou z\u00e1le\u017eitost\u00ed, \u017ee gar\u00e1\u017e bude st\u00e1t mimo bytov\u00fd d\u016fm. P\u0159ev\u00e1\u017en\u011b na m\u00edst\u011b, kter\u00e9 je v\u017edy vyhrazeno pro tyto stavby. To ov\u0161em neznamen\u00e1, \u017ee bychom nemohli sv\u00e9 gar\u00e1\u017ei poskytnout to nejlep\u0161\u00ed, a\u010dkoliv n\u00e1s hodn\u011b budou limitovat prostory. \u0160et\u0159\u00edme energii D\u00edky zvy\u0161uj\u00edc\u00edm \u00fa\u010dt\u016fm za elekt\u0159inu, tak skute\u010dn\u011b v\u00edce p\u0159em\u00fd\u0161l\u00edme i o tom kde a jak u\u0161et\u0159it. Mnohdy n\u00e1s nenapadne, \u017ee \u00faniky tepla a t\u00edm p\u00e1dem energi\u00ed mohou b\u00fdt i skrze nekvalitn\u011b proveden\u00e9 dve\u0159e nebo i gar\u00e1\u017eov\u00e1 vrata, pokud jsou tyto prostory sou\u010d\u00e1st\u00ed domu. Potom se skute\u010dn\u011b vyplat\u00ed investice do nov\u00e9ho produktu a je t\u0159eba se zam\u011b\u0159it na kvalitu proveden\u00ed a p\u0159edev\u0161\u00edm na izola\u010dn\u00ed vlastnosti. Posledn\u00ed dobou se prod\u00e1vaj\u00ed p\u0159ev\u00e1\u017en\u011b sek\u010dn\u00ed gar\u00e1\u017eov\u00e1 vrata s polyuretanovou v\u00fdpln\u00ed a p\u0159edev\u0161\u00edm s vysoce kvalitn\u00edm obvodov\u00fdm a p\u0159ekladov\u00fdm t\u011bsn\u011bn\u00edm. Ty rozhodn\u011b u\u0161et\u0159\u00ed dostatek na\u0161ich finan\u010dn\u00edch v\u00fddaj\u016f v oblasti vyt\u00e1p\u011bn\u00ed, a pokud si objedn\u00e1me prosklenou verzi, tak i elekt\u0159inu. V\u011btr\u00e1n\u00ed je tak\u00e9 d\u016fle\u017eitou sou\u010d\u00e1st\u00ed Ka\u017ed\u00e1 gar\u00e1\u017e by m\u011bla m\u00edt funkci odv\u011btr\u00e1v\u00e1n\u00ed. Jsou tak\u00e9 stanoveny ur\u010dit\u00e9 normy, a pokud se budou tyto prostory kolaudovat, tak pravd\u011bpodobn\u011b se budou vy\u017eadovat po investorovi. V\u011btrac\u00ed otvory by nem\u011bly b\u00fdt uzav\u00edrateln\u00e9 a nav\u00edc je\u0161t\u011b je pot\u0159eba zajistit jejich ochranu m\u0159\u00ed\u017ekou. Pr\u00e1v\u011b d\u00edky sek\u010dn\u00edm gar\u00e1\u017eov\u00fdm vrat\u016fm m\u016f\u017eeme m\u00edt instalaci p\u0159\u00edmo v nich, kde vrchn\u00ed lamela je osazena mechanismem, kter\u00fd umo\u017e\u0148uje jej\u00ed otev\u0159en\u00ed a to v p\u0159\u00edpad\u011b vysok\u00e9 vlhkosti vzduchu v tomto prostoru. Tady se celkem dost dob\u0159e vyplat\u00ed senzor pro automatick\u00e9 v\u011btr\u00e1n\u00ed gar\u00e1\u017ee, co\u017e zajist\u00ed bezprobl\u00e9mov\u00fd chod a nav\u00edc na\u0161i bezstarostnost, jak to je ve skute\u010dnosti s vlhkost\u00ed.                                                                                                                                                                                                                                                                                                                                                                                          4.7\/5 - (10 votes)        "},{"@context":"https:\/\/schema.org\/","@type":"BreadcrumbList","itemListElement":[{"@type":"ListItem","position":1,"name":"Gar\u00e1\u017eov\u00e1 vrata um\u00ed p\u0159ekvapit","item":"https:\/\/www.cebera.cz\/garazova-vrata-umi-prekvapit\/#breadcrumbitem"}]}]