[{"@context":"https:\/\/schema.org\/","@type":"Article","@id":"https:\/\/www.cebera.cz\/jak-na-bazen-pred-zimou\/#Article","mainEntityOfPage":"https:\/\/www.cebera.cz\/jak-na-bazen-pred-zimou\/","headline":"Jak na baz\u00e9n p\u0159ed zimou?","name":"Jak na baz\u00e9n p\u0159ed zimou?","description":"Je naprosto logick\u00e9, \u017ee v zim\u011b nevyu\u017e\u00edv\u00e1me sv\u016fj venkovn\u00ed baz\u00e9n. Nebylo by p\u0159ece nic p\u0159\u00edjemn\u00e9ho l\u00e9zt do studen\u00e9 vody za panuj\u00edc\u00edho chladna, ne-li dokonce mrazu, koledovali bychom si tak dost mo\u017en\u00e1 i o nep\u0159\u00edjemn\u00e9 marod\u011bn\u00ed. A proto p\u0159es zimu na sv\u016fj venkovn\u00ed baz\u00e9n zpravidla zanev\u0159eme. Ale ne\u017e se tak stane, rozhodn\u011b bychom se o n\u011bj...","datePublished":"2019-10-26","dateModified":"2019-10-26","author":{"@type":"Person","@id":"https:\/\/www.cebera.cz\/author\/#Person","name":"","url":"https:\/\/www.cebera.cz\/author\/","identifier":1,"image":{"@type":"ImageObject","@id":"https:\/\/secure.gravatar.com\/avatar\/bbaa4e9a58aac4329fe0ade0f3fb816f09f0dc43c21f6e884dccfbc124b16b29?s=96&d=mm&r=g","url":"https:\/\/secure.gravatar.com\/avatar\/bbaa4e9a58aac4329fe0ade0f3fb816f09f0dc43c21f6e884dccfbc124b16b29?s=96&d=mm&r=g","height":96,"width":96}},"publisher":{"@type":"Organization","name":"cebera.cz","logo":{"@type":"ImageObject","@id":"\/logo.png","url":"\/logo.png","width":600,"height":60}},"image":{"@type":"ImageObject","@id":"https:\/\/www.cebera.cz\/wp-content\/uploads\/img_a368816_w2351_t1581049318.jpg","url":"https:\/\/www.cebera.cz\/wp-content\/uploads\/img_a368816_w2351_t1581049318.jpg","height":0,"width":0},"url":"https:\/\/www.cebera.cz\/jak-na-bazen-pred-zimou\/","about":["V\u00fdrobky"],"wordCount":426,"articleBody":"   Je naprosto logick\u00e9, \u017ee v zim\u011b nevyu\u017e\u00edv\u00e1me sv\u016fj venkovn\u00ed baz\u00e9n. Nebylo by p\u0159ece nic p\u0159\u00edjemn\u00e9ho l\u00e9zt do studen\u00e9 vody za panuj\u00edc\u00edho chladna, ne-li dokonce mrazu, koledovali bychom si tak dost mo\u017en\u00e1 i o nep\u0159\u00edjemn\u00e9 marod\u011bn\u00ed. A proto p\u0159es zimu na sv\u016fj venkovn\u00ed baz\u00e9n zpravidla zanev\u0159eme. Ale ne\u017e se tak stane, rozhodn\u011b bychom se o n\u011bj nem\u011bli zapom\u00ednat postarat. Proto\u017ee na takov\u00e9m zazimov\u00e1n\u00ed nadzemn\u00edho baz\u00e9nu https:\/\/www.chlorito.cz\/blog\/zazimovani-bazenu-clanek\/do zna\u010dn\u00e9 m\u00edry z\u00e1vis\u00ed to, v jak\u00e9m stavu tento po zim\u011b nalezneme a jak ho budeme a p\u0159\u00edpadn\u011b nebudeme moci znovu pou\u017e\u00edvat v p\u0159\u00ed\u0161t\u00ed koupac\u00ed sez\u00f3n\u011b.  I baz\u00e9n si prost\u011b \u017e\u00e1d\u00e1 p\u0159ed zimou sv\u00e9. A co konkr\u00e9tn\u011b \u017ee to je? 1. Takov\u00fd baz\u00e9n je t\u0159eba vy\u010distit a doplnit do n\u011bj adekv\u00e1tn\u00ed mno\u017estv\u00ed baz\u00e9nov\u00e9 chemie. Jakkoliv toti\u017e sice nyn\u00ed do vody nepolezeme, je t\u0159eba maxim\u00e1ln\u011b sn\u00ed\u017eit riziko toho, \u017ee tu z\u016fstane n\u011bco, co n\u00e1m vodu do jara nem\u00e1lo znehodnot\u00ed. 2. D\u00e1le je t\u0159eba vodu upustit, aby jej\u00ed hladina nedosahovala ke vstupu do filtrace. Proto\u017ee tam by mohla tato rovn\u011b\u017e nap\u00e1chat nep\u0159\u00edjemnosti. 3. Je z\u00e1hodno odmontovat ve\u0161ker\u00e9 zde nainstalovan\u00e9 p\u0159\u00edslu\u0161enstv\u00ed a toto vy\u010distit, usu\u0161it a ulo\u017eit n\u011bkam, kde se tomu b\u011bhem zimy nem\u016f\u017ee nic st\u00e1t. 4. Vyjmut, usu\u0161en a vhodn\u011b ulo\u017een mus\u00ed b\u00fdt i p\u00edsek z baz\u00e9nov\u00e9 filtrace. 5. Do zbyl\u00e9 vody je z\u00e1hodno um\u00edstit dilata\u010dn\u00ed plov\u00e1ky, je\u017e se postaraj\u00ed o to, aby ani v t\u011bch nejt\u0159eskut\u011bj\u0161\u00edch mrazech nepotrhal st\u011bny baz\u00e9nu zde utvo\u0159en\u00fd led. 6. Je z\u00e1hodno aplikovat i zazimova\u010d, jen\u017e se postar\u00e1 o kvalitu vody v pr\u016fb\u011bhu cel\u00e9 zimy. 7. A nakonec je t\u0159eba zakr\u00fdt v\u0161e d\u016fkladn\u011b plachtou, je\u017e zajist\u00ed, \u017ee n\u00e1m do baz\u00e9nu nenapadaj\u00ed ani ne\u010distoty, ani zv\u00ed\u0159ata nebo kolemjdouc\u00ed.  T\u011bmito po\u010diny si zajist\u00edme spokojen\u00e9 p\u0159ezimov\u00e1n\u00ed baz\u00e9nu. D\u00edky tomu v\u0161emu se zde eliminuj\u00ed mo\u017en\u00e1 rizika a stoupne nad\u011bje na to, \u017ee se po zim\u011b op\u011bt shled\u00e1me s baz\u00e9nem v bezvadn\u00e9m stavu. Kter\u00fd bude mo\u017eno u\u017e\u00edvat, jakmile se op\u011bt dostate\u010dn\u011b otepl\u00ed. A to je p\u0159ece to nejd\u016fle\u017eit\u011bj\u0161\u00ed.                                                                                                                                                                                                                                                                                                                                                                                           4\/5 - (2 votes)        "},{"@context":"https:\/\/schema.org\/","@type":"BreadcrumbList","itemListElement":[{"@type":"ListItem","position":1,"name":"Jak na baz\u00e9n p\u0159ed zimou?","item":"https:\/\/www.cebera.cz\/jak-na-bazen-pred-zimou\/#breadcrumbitem"}]}]