[{"@context":"https:\/\/schema.org\/","@type":"Article","@id":"https:\/\/www.cebera.cz\/nezapominejte-pri-navrhu-interieru-na-vyjadreni-barev\/#Article","mainEntityOfPage":"https:\/\/www.cebera.cz\/nezapominejte-pri-navrhu-interieru-na-vyjadreni-barev\/","headline":"Nezapom\u00ednejte p\u0159i n\u00e1vrhu interi\u00e9ru na vyj\u00e1d\u0159en\u00ed barev","name":"Nezapom\u00ednejte p\u0159i n\u00e1vrhu interi\u00e9ru na vyj\u00e1d\u0159en\u00ed barev","description":"Budete-li pozorovat mal\u00e9 d\u011bti, kter\u00e9 jsou zdrav\u00e9 a v psychick\u00e9 pohod\u011b, a d\u00e1te-li jim do rukou pastelky nebo fixy, bude velmi pravd\u011bpodobn\u00e9, \u017ee si za\u010dnou libovat v barv\u00e1ch a namaluj\u00ed sv\u011bt takov\u00fd, jak\u00fd by m\u011bl b\u00fdt \u2013 barevn\u00fd a kr\u00e1sn\u00fd. Budou br\u00e1t do rukou jednu pastelovou barvu za druhou a daj\u00ed v\u00e1m jasn\u011b najevo, \u017ee...","datePublished":"2025-03-24","dateModified":"2025-03-24","author":{"@type":"Person","@id":"https:\/\/www.cebera.cz\/author\/#Person","name":"","url":"https:\/\/www.cebera.cz\/author\/","identifier":1,"image":{"@type":"ImageObject","@id":"https:\/\/secure.gravatar.com\/avatar\/bbaa4e9a58aac4329fe0ade0f3fb816f09f0dc43c21f6e884dccfbc124b16b29?s=96&d=mm&r=g","url":"https:\/\/secure.gravatar.com\/avatar\/bbaa4e9a58aac4329fe0ade0f3fb816f09f0dc43c21f6e884dccfbc124b16b29?s=96&d=mm&r=g","height":96,"width":96}},"publisher":{"@type":"Organization","name":"cebera.cz","logo":{"@type":"ImageObject","@id":"\/logo.png","url":"\/logo.png","width":600,"height":60}},"image":{"@type":"ImageObject","@id":"https:\/\/www.cebera.cz\/wp-content\/uploads\/interior-4130787_640.jpg","url":"https:\/\/www.cebera.cz\/wp-content\/uploads\/interior-4130787_640.jpg","height":0,"width":0},"url":"https:\/\/www.cebera.cz\/nezapominejte-pri-navrhu-interieru-na-vyjadreni-barev\/","about":["D\u016fm a zahrada"],"wordCount":423,"articleBody":"        Budete-li pozorovat mal\u00e9 d\u011bti, kter\u00e9 jsou zdrav\u00e9 a v psychick\u00e9 pohod\u011b, a d\u00e1te-li jim do rukou pastelky nebo fixy, bude velmi pravd\u011bpodobn\u00e9, \u017ee si za\u010dnou libovat v barv\u00e1ch a namaluj\u00ed sv\u011bt takov\u00fd, jak\u00fd by m\u011bl b\u00fdt \u2013 barevn\u00fd a kr\u00e1sn\u00fd. Budou br\u00e1t do rukou jednu pastelovou barvu za druhou a daj\u00ed v\u00e1m jasn\u011b najevo, \u017ee tr\u00e1va by m\u011bla b\u00fdt zelen\u00e1, r\u016f\u017ee \u010derven\u00e9, Slunce \u017elut\u00e9 a obloha blankytn\u011b modr\u00e1. D\u011btsk\u00fd sv\u011bt se od toho na\u0161eho \u2013 dosp\u011bl\u00e1ck\u00e9ho mnohdy odli\u0161uje, pro d\u011bti jsou barvy nesm\u00edrn\u011b d\u016fle\u017eit\u00e9 a proto tak\u00e9 miluj\u00ed barevn\u00e9 hra\u010dky, oble\u010den\u00ed, koberce a dal\u0161\u00ed v\u00fdrobky, jimi\u017e se obklopuj\u00ed. D\u011btem bude vyhovovat d\u011btsk\u00fd pokoj koncipovan\u00fd jako pestrobarevn\u00fd prostor a t\u00edmto postojem n\u00e1m tak\u00e9 d\u00e1vaj\u00ed jasn\u011b najevo, \u017ee bychom se mohli jimi inspirovat a za\u0159\u00eddit i ostatn\u00ed prostory v dom\u011b v podobn\u00e9m stylu. Pro\u010d m\u00edt v ob\u00fdvac\u00edm pokoji \u0161edou sedac\u00ed soupravu, tmav\u011b hn\u011bd\u00fd koberec a \u0161edo \u010dern\u00e9 z\u00e1v\u011bsy \u010di rolety den a noc? Pro\u010d nedat p\u0159ednost zelen\u00e9, \u017elut\u00e9, r\u016f\u017eov\u00e9 \u010di \u010derven\u00e9 v pastelov\u00fdch t\u00f3nech, jak\u00e9 napodobuj\u00ed okv\u011btn\u00ed l\u00edstky chryzant\u00e9m, beg\u00f3ni\u00ed a orchidej\u00ed? Z na\u0161eho sv\u011bta se v posledn\u00ed dob\u011b barvy nen\u00e1padn\u011b vytr\u00e1cej\u00ed a dokonce si m\u016f\u017eete tu a tam pov\u0161imnout, \u017ee rodi\u010de sv\u00fdm ratolestem nakupuj\u00ed \u0161ed\u00e9 a \u010dern\u00e9 cestovn\u00ed ko\u010d\u00e1rky. Co\u017epak sv\u00e9 d\u011bti chyst\u00e1me do rakve?Zamyslete se nad t\u00edm a prodiskutujte (m\u00e1te-li z\u00e1jem) se sv\u00fdm bytov\u00fdm design\u00e9rem n\u00e1vrhy interi\u00e9r\u016f v Praze tak, abyste dali barv\u00e1m zelenou, vpustili je do sv\u00e9ho domova a nenech\u00e1vali je bez pov\u0161imnut\u00ed. A \u017ee barvy lid\u00e9 vn\u00edmali d\u0159\u00edve v intenzivn\u011bj\u0161\u00edm duchu, o tom se snadno p\u0159esv\u011bd\u010d\u00edte z\u00e1v\u011bre\u010dn\u00fdm z\u00e1b\u011brem ve filmu Discop\u0159\u00edb\u011bh z roku 1987, kde se v barv\u00e1ch roztan\u010d\u00ed n\u00e1m\u011bst\u00ed Republiky v Plzni. Nechte tedy roztan\u010dit i v\u00e1\u0161 domov, barvy k \u017eivotu pat\u0159\u00ed a rozhodn\u011b to nen\u00ed jen z\u00e1le\u017eitost va\u0161ich d\u011bt\u00ed, to jen my, dosp\u011bl\u00ed jaksi ob\u010das zapom\u00edn\u00e1me na to, \u017ee jsme tak\u00e9 byli d\u011btmi, a \u017ee bychom m\u011bli sv\u011bt kolem n\u00e1s br\u00e1t s v\u011bt\u0161\u00ed volnost\u00ed, pokorou a radost\u00ed z ka\u017ed\u00e9 mali\u010dkosti.                                                                                                                                                                                                                                                                                                                                                                                          3.6\/5 - (5 votes)        "},{"@context":"https:\/\/schema.org\/","@type":"BreadcrumbList","itemListElement":[{"@type":"ListItem","position":1,"name":"Nezapom\u00ednejte p\u0159i n\u00e1vrhu interi\u00e9ru na vyj\u00e1d\u0159en\u00ed barev","item":"https:\/\/www.cebera.cz\/nezapominejte-pri-navrhu-interieru-na-vyjadreni-barev\/#breadcrumbitem"}]}]