[{"@context":"https:\/\/schema.org\/","@type":"Blog","@id":"https:\/\/www.cebera.cz#Blog","headline":"Cebera","description":"\nPokud se v\u00e1m dosud nepoda\u0159ilo nal\u00e9zt web, na kter\u00e9m by v\u00e1s prezentovali p\u0159esn\u011b podle va\u0161ich p\u0159edstav, neh\u00e1zejte flintu do \u017eita a zkuste to i u n\u00e1s.","url":"https:\/\/www.cebera.cz","hasPart":[{"@type":"Article","@id":"https:\/\/www.cebera.cz\/konferencni-stolek-podle-ceho-jej-vybirat-aby-splnil-svou-funkci\/","headline":"Konferen\u010dn\u00ed stolek &#8211; Podle \u010deho jej vyb\u00edrat, aby splnil svou funkci?","url":"https:\/\/www.cebera.cz\/konferencni-stolek-podle-ceho-jej-vybirat-aby-splnil-svou-funkci\/","datePublished":"2021-08-18","dateModified":"2023-05-11","mainEntityOfPage":"https:\/\/www.cebera.cz\/konferencni-stolek-podle-ceho-jej-vybirat-aby-splnil-svou-funkci\/","author":{"@type":"Person","@id":"https:\/\/www.cebera.cz\/author\/#Person","name":"","url":"https:\/\/www.cebera.cz\/author\/","identifier":1,"image":{"@type":"ImageObject","@id":"https:\/\/secure.gravatar.com\/avatar\/bbaa4e9a58aac4329fe0ade0f3fb816f09f0dc43c21f6e884dccfbc124b16b29?s=96&d=mm&r=g","url":"https:\/\/secure.gravatar.com\/avatar\/bbaa4e9a58aac4329fe0ade0f3fb816f09f0dc43c21f6e884dccfbc124b16b29?s=96&d=mm&r=g","height":96,"width":96}},"publisher":{"@type":"Organization","name":"cebera.cz","logo":{"@type":"ImageObject","@id":"\/logo.png","url":"\/logo.png","width":600,"height":60}},"image":{"@type":"ImageObject","@id":"https:\/\/www.cebera.cz\/wp-content\/uploads\/pexels-photo-7195529.jpeg","url":"https:\/\/www.cebera.cz\/wp-content\/uploads\/pexels-photo-7195529.jpeg","height":0,"width":0},"wordCount":753,"keywords":null},{"@type":"Article","@id":"https:\/\/www.cebera.cz\/mobilni-telefon-v-moderni-dobe\/","headline":"Mobiln\u00ed telefon v modern\u00ed dob\u011b","url":"https:\/\/www.cebera.cz\/mobilni-telefon-v-moderni-dobe\/","datePublished":"2021-07-06","dateModified":"2023-09-18","mainEntityOfPage":"https:\/\/www.cebera.cz\/mobilni-telefon-v-moderni-dobe\/","author":{"@type":"Person","@id":"https:\/\/www.cebera.cz\/author\/#Person","name":"","url":"https:\/\/www.cebera.cz\/author\/","identifier":1,"image":{"@type":"ImageObject","@id":"https:\/\/secure.gravatar.com\/avatar\/bbaa4e9a58aac4329fe0ade0f3fb816f09f0dc43c21f6e884dccfbc124b16b29?s=96&d=mm&r=g","url":"https:\/\/secure.gravatar.com\/avatar\/bbaa4e9a58aac4329fe0ade0f3fb816f09f0dc43c21f6e884dccfbc124b16b29?s=96&d=mm&r=g","height":96,"width":96}},"publisher":{"@type":"Organization","name":"cebera.cz","logo":{"@type":"ImageObject","@id":"\/logo.png","url":"\/logo.png","width":600,"height":60}},"image":{"@type":"ImageObject","@id":"https:\/\/www.cebera.cz\/wp-content\/uploads\/telefon%20Samsung.jpeg","url":"https:\/\/www.cebera.cz\/wp-content\/uploads\/telefon%20Samsung.jpeg","height":0,"width":0},"wordCount":618,"keywords":null},{"@type":"Article","@id":"https:\/\/www.cebera.cz\/kde-je-vhodne-pouzit-pvc-dvere-ostrava-a-kde-by-naopak-ostrava-pvc-dvere-pouzit-nemela\/","headline":"Kde je vhodn\u00e9 pou\u017e\u00edt PVC dve\u0159e Ostrava, a kde by naopak Ostrava PVC dve\u0159e pou\u017e\u00edt nem\u011bla","url":"https:\/\/www.cebera.cz\/kde-je-vhodne-pouzit-pvc-dvere-ostrava-a-kde-by-naopak-ostrava-pvc-dvere-pouzit-nemela\/","datePublished":"2021-05-13","dateModified":"2023-09-13","mainEntityOfPage":"https:\/\/www.cebera.cz\/kde-je-vhodne-pouzit-pvc-dvere-ostrava-a-kde-by-naopak-ostrava-pvc-dvere-pouzit-nemela\/","author":{"@type":"Person","@id":"https:\/\/www.cebera.cz\/author\/#Person","name":"","url":"https:\/\/www.cebera.cz\/author\/","identifier":1,"image":{"@type":"ImageObject","@id":"https:\/\/secure.gravatar.com\/avatar\/bbaa4e9a58aac4329fe0ade0f3fb816f09f0dc43c21f6e884dccfbc124b16b29?s=96&d=mm&r=g","url":"https:\/\/secure.gravatar.com\/avatar\/bbaa4e9a58aac4329fe0ade0f3fb816f09f0dc43c21f6e884dccfbc124b16b29?s=96&d=mm&r=g","height":96,"width":96}},"publisher":{"@type":"Organization","name":"cebera.cz","logo":{"@type":"ImageObject","@id":"\/logo.png","url":"\/logo.png","width":600,"height":60}},"image":{"@type":"ImageObject","@id":"https:\/\/www.cebera.cz\/wp-content\/uploads\/hn%C4%9Bd%C3%A9%20plastov%C3%A9%20dve%C5%99e_wKaIon.jpg","url":"https:\/\/www.cebera.cz\/wp-content\/uploads\/hn%C4%9Bd%C3%A9%20plastov%C3%A9%20dve%C5%99e_wKaIon.jpg","height":0,"width":0},"wordCount":541,"keywords":null},{"@type":"Article","@id":"https:\/\/www.cebera.cz\/zkaza-jednoho-pocitace\/","headline":"Zk\u00e1za jednoho po\u010d\u00edta\u010de","url":"https:\/\/www.cebera.cz\/zkaza-jednoho-pocitace\/","datePublished":"2021-02-19","dateModified":"2023-05-11","mainEntityOfPage":"https:\/\/www.cebera.cz\/zkaza-jednoho-pocitace\/","author":{"@type":"Person","@id":"https:\/\/www.cebera.cz\/author\/#Person","name":"","url":"https:\/\/www.cebera.cz\/author\/","identifier":1,"image":{"@type":"ImageObject","@id":"https:\/\/secure.gravatar.com\/avatar\/bbaa4e9a58aac4329fe0ade0f3fb816f09f0dc43c21f6e884dccfbc124b16b29?s=96&d=mm&r=g","url":"https:\/\/secure.gravatar.com\/avatar\/bbaa4e9a58aac4329fe0ade0f3fb816f09f0dc43c21f6e884dccfbc124b16b29?s=96&d=mm&r=g","height":96,"width":96}},"publisher":{"@type":"Organization","name":"cebera.cz","logo":{"@type":"ImageObject","@id":"\/logo.png","url":"\/logo.png","width":600,"height":60}},"image":{"@type":"ImageObject","@id":"https:\/\/www.cebera.cz\/wp-content\/uploads\/pevn%C3%BD%20disk_2.jpg","url":"https:\/\/www.cebera.cz\/wp-content\/uploads\/pevn%C3%BD%20disk_2.jpg","height":0,"width":0},"wordCount":634,"keywords":null},{"@type":"Article","@id":"https:\/\/www.cebera.cz\/i-tady-plati-mobito\/","headline":"I tady plat\u00ed Mobito","url":"https:\/\/www.cebera.cz\/i-tady-plati-mobito\/","datePublished":"2021-02-16","dateModified":"2023-05-11","mainEntityOfPage":"https:\/\/www.cebera.cz\/i-tady-plati-mobito\/","author":{"@type":"Person","@id":"https:\/\/www.cebera.cz\/author\/#Person","name":"","url":"https:\/\/www.cebera.cz\/author\/","identifier":1,"image":{"@type":"ImageObject","@id":"https:\/\/secure.gravatar.com\/avatar\/bbaa4e9a58aac4329fe0ade0f3fb816f09f0dc43c21f6e884dccfbc124b16b29?s=96&d=mm&r=g","url":"https:\/\/secure.gravatar.com\/avatar\/bbaa4e9a58aac4329fe0ade0f3fb816f09f0dc43c21f6e884dccfbc124b16b29?s=96&d=mm&r=g","height":96,"width":96}},"publisher":{"@type":"Organization","name":"cebera.cz","logo":{"@type":"ImageObject","@id":"\/logo.png","url":"\/logo.png","width":600,"height":60}},"image":{"@type":"ImageObject","@id":"https:\/\/www.cebera.cz\/wp-content\/uploads\/pen%C3%ADze%20online.PNG","url":"https:\/\/www.cebera.cz\/wp-content\/uploads\/pen%C3%ADze%20online.PNG","height":0,"width":0},"wordCount":1034,"keywords":null},{"@type":"Article","@id":"https:\/\/www.cebera.cz\/rozvijime-talent-deti-na-divadelnim-tabore\/","headline":"Rozv\u00edj\u00edme talent d\u011bt\u00ed na divadeln\u00edm t\u00e1bo\u0159e","url":"https:\/\/www.cebera.cz\/rozvijime-talent-deti-na-divadelnim-tabore\/","datePublished":"2021-01-18","dateModified":"2023-08-21","mainEntityOfPage":"https:\/\/www.cebera.cz\/rozvijime-talent-deti-na-divadelnim-tabore\/","author":{"@type":"Person","@id":"https:\/\/www.cebera.cz\/author\/#Person","name":"","url":"https:\/\/www.cebera.cz\/author\/","identifier":1,"image":{"@type":"ImageObject","@id":"https:\/\/secure.gravatar.com\/avatar\/bbaa4e9a58aac4329fe0ade0f3fb816f09f0dc43c21f6e884dccfbc124b16b29?s=96&d=mm&r=g","url":"https:\/\/secure.gravatar.com\/avatar\/bbaa4e9a58aac4329fe0ade0f3fb816f09f0dc43c21f6e884dccfbc124b16b29?s=96&d=mm&r=g","height":96,"width":96}},"publisher":{"@type":"Organization","name":"cebera.cz","logo":{"@type":"ImageObject","@id":"\/logo.png","url":"\/logo.png","width":600,"height":60}},"image":{"@type":"ImageObject","@id":"https:\/\/www.cebera.cz\/wp-content\/uploads\/d%C3%ADt%C4%9B%20sn%C3%AD.jpeg","url":"https:\/\/www.cebera.cz\/wp-content\/uploads\/d%C3%ADt%C4%9B%20sn%C3%AD.jpeg","height":0,"width":0},"wordCount":615,"keywords":null},{"@type":"Article","@id":"https:\/\/www.cebera.cz\/pravidelny-pohyb-prospiva-zdravi\/","headline":"Pravideln\u00fd pohyb prosp\u00edv\u00e1 zdrav\u00ed","url":"https:\/\/www.cebera.cz\/pravidelny-pohyb-prospiva-zdravi\/","datePublished":"2021-01-18","dateModified":"2023-05-11","mainEntityOfPage":"https:\/\/www.cebera.cz\/pravidelny-pohyb-prospiva-zdravi\/","author":{"@type":"Person","@id":"https:\/\/www.cebera.cz\/author\/#Person","name":"","url":"https:\/\/www.cebera.cz\/author\/","identifier":1,"image":{"@type":"ImageObject","@id":"https:\/\/secure.gravatar.com\/avatar\/bbaa4e9a58aac4329fe0ade0f3fb816f09f0dc43c21f6e884dccfbc124b16b29?s=96&d=mm&r=g","url":"https:\/\/secure.gravatar.com\/avatar\/bbaa4e9a58aac4329fe0ade0f3fb816f09f0dc43c21f6e884dccfbc124b16b29?s=96&d=mm&r=g","height":96,"width":96}},"publisher":{"@type":"Organization","name":"cebera.cz","logo":{"@type":"ImageObject","@id":"\/logo.png","url":"\/logo.png","width":600,"height":60}},"image":{"@type":"ImageObject","@id":"https:\/\/www.cebera.cz\/wp-content\/uploads\/b%C4%9Bh%20venku_1.jpg","url":"https:\/\/www.cebera.cz\/wp-content\/uploads\/b%C4%9Bh%20venku_1.jpg","height":0,"width":0},"wordCount":796,"keywords":null},{"@type":"Article","@id":"https:\/\/www.cebera.cz\/na-erotiku-se-muzete-tesit-i-v-masaznim-salonu\/","headline":"Na erotiku se m\u016f\u017eete t\u011b\u0161it i v mas\u00e1\u017en\u00edm salonu","url":"https:\/\/www.cebera.cz\/na-erotiku-se-muzete-tesit-i-v-masaznim-salonu\/","datePublished":"2020-12-20","dateModified":"2020-12-20","mainEntityOfPage":"https:\/\/www.cebera.cz\/na-erotiku-se-muzete-tesit-i-v-masaznim-salonu\/","author":{"@type":"Person","@id":"https:\/\/www.cebera.cz\/author\/#Person","name":"","url":"https:\/\/www.cebera.cz\/author\/","identifier":1,"image":{"@type":"ImageObject","@id":"https:\/\/secure.gravatar.com\/avatar\/bbaa4e9a58aac4329fe0ade0f3fb816f09f0dc43c21f6e884dccfbc124b16b29?s=96&d=mm&r=g","url":"https:\/\/secure.gravatar.com\/avatar\/bbaa4e9a58aac4329fe0ade0f3fb816f09f0dc43c21f6e884dccfbc124b16b29?s=96&d=mm&r=g","height":96,"width":96}},"publisher":{"@type":"Organization","name":"cebera.cz","logo":{"@type":"ImageObject","@id":"\/logo.png","url":"\/logo.png","width":600,"height":60}},"image":{"@type":"ImageObject","@id":"https:\/\/www.cebera.cz\/wp-content\/uploads\/%C5%BEena%20s%20kor%C3%A1ly.jpg","url":"https:\/\/www.cebera.cz\/wp-content\/uploads\/%C5%BEena%20s%20kor%C3%A1ly.jpg","height":0,"width":0},"wordCount":759,"keywords":null},{"@type":"Article","@id":"https:\/\/www.cebera.cz\/bytovy-architekt-zmeni-vase-sny-ve-skutecnost\/","headline":"Bytov\u00fd architekt zm\u011bn\u00ed va\u0161e sny ve skute\u010dnost","url":"https:\/\/www.cebera.cz\/bytovy-architekt-zmeni-vase-sny-ve-skutecnost\/","datePublished":"2020-11-04","dateModified":"2023-05-11","mainEntityOfPage":"https:\/\/www.cebera.cz\/bytovy-architekt-zmeni-vase-sny-ve-skutecnost\/","author":{"@type":"Person","@id":"https:\/\/www.cebera.cz\/author\/#Person","name":"","url":"https:\/\/www.cebera.cz\/author\/","identifier":1,"image":{"@type":"ImageObject","@id":"https:\/\/secure.gravatar.com\/avatar\/bbaa4e9a58aac4329fe0ade0f3fb816f09f0dc43c21f6e884dccfbc124b16b29?s=96&d=mm&r=g","url":"https:\/\/secure.gravatar.com\/avatar\/bbaa4e9a58aac4329fe0ade0f3fb816f09f0dc43c21f6e884dccfbc124b16b29?s=96&d=mm&r=g","height":96,"width":96}},"publisher":{"@type":"Organization","name":"cebera.cz","logo":{"@type":"ImageObject","@id":"\/logo.png","url":"\/logo.png","width":600,"height":60}},"image":{"@type":"ImageObject","@id":"https:\/\/www.cebera.cz\/wp-content\/uploads\/kuchyn%C4%9B%20design.jpg","url":"https:\/\/www.cebera.cz\/wp-content\/uploads\/kuchyn%C4%9B%20design.jpg","height":0,"width":0},"wordCount":475,"keywords":null},{"@type":"Article","@id":"https:\/\/www.cebera.cz\/neni-nad-zlato\/","headline":"Nen\u00ed nad zlato","url":"https:\/\/www.cebera.cz\/neni-nad-zlato\/","datePublished":"2020-10-25","dateModified":"2023-09-02","mainEntityOfPage":"https:\/\/www.cebera.cz\/neni-nad-zlato\/","author":{"@type":"Person","@id":"https:\/\/www.cebera.cz\/author\/#Person","name":"","url":"https:\/\/www.cebera.cz\/author\/","identifier":1,"image":{"@type":"ImageObject","@id":"https:\/\/secure.gravatar.com\/avatar\/bbaa4e9a58aac4329fe0ade0f3fb816f09f0dc43c21f6e884dccfbc124b16b29?s=96&d=mm&r=g","url":"https:\/\/secure.gravatar.com\/avatar\/bbaa4e9a58aac4329fe0ade0f3fb816f09f0dc43c21f6e884dccfbc124b16b29?s=96&d=mm&r=g","height":96,"width":96}},"publisher":{"@type":"Organization","name":"cebera.cz","logo":{"@type":"ImageObject","@id":"\/logo.png","url":"\/logo.png","width":600,"height":60}},"image":{"@type":"ImageObject","@id":"https:\/\/www.cebera.cz\/wp-content\/uploads\/img_a389193_w3255_t1604398955.jpg","url":"https:\/\/www.cebera.cz\/wp-content\/uploads\/img_a389193_w3255_t1604398955.jpg","height":0,"width":0},"wordCount":530,"keywords":null}]},{"@context":"https:\/\/schema.org","@type":"WebSite","@id":"https:\/\/www.cebera.cz\/#website","name":"Cebera","url":"https:\/\/www.cebera.cz","potentialAction":{"@type":"SearchAction","target":"https:\/\/www.cebera.cz\/?s={search_term_string}","query-input":"required name=search_term_string"}}]