[{"@context":"https:\/\/schema.org\/","@type":"Blog","@id":"https:\/\/www.cebera.cz#Blog","headline":"Cebera","description":"\nPokud se v\u00e1m dosud nepoda\u0159ilo nal\u00e9zt web, na kter\u00e9m by v\u00e1s prezentovali p\u0159esn\u011b podle va\u0161ich p\u0159edstav, neh\u00e1zejte flintu do \u017eita a zkuste to i u n\u00e1s.","url":"https:\/\/www.cebera.cz","hasPart":[{"@type":"Article","@id":"https:\/\/www.cebera.cz\/drevene-vyrobky-a-konstrukce\/","headline":"D\u0159ev\u011bn\u00e9 v\u00fdrobky a konstrukce","url":"https:\/\/www.cebera.cz\/drevene-vyrobky-a-konstrukce\/","datePublished":"2023-09-23","dateModified":"2023-11-02","mainEntityOfPage":"https:\/\/www.cebera.cz\/drevene-vyrobky-a-konstrukce\/","author":{"@type":"Person","@id":"https:\/\/www.cebera.cz\/author\/#Person","name":"","url":"https:\/\/www.cebera.cz\/author\/","identifier":1,"image":{"@type":"ImageObject","@id":"https:\/\/secure.gravatar.com\/avatar\/bbaa4e9a58aac4329fe0ade0f3fb816f09f0dc43c21f6e884dccfbc124b16b29?s=96&d=mm&r=g","url":"https:\/\/secure.gravatar.com\/avatar\/bbaa4e9a58aac4329fe0ade0f3fb816f09f0dc43c21f6e884dccfbc124b16b29?s=96&d=mm&r=g","height":96,"width":96}},"publisher":{"@type":"Organization","name":"cebera.cz","logo":{"@type":"ImageObject","@id":"\/logo.png","url":"\/logo.png","width":600,"height":60}},"image":{"@type":"ImageObject","@id":"https:\/\/www.cebera.cz\/wp-content\/uploads\/wood-2045380_1280.jpg","url":"https:\/\/www.cebera.cz\/wp-content\/uploads\/wood-2045380_1280.jpg","height":0,"width":0},"wordCount":602,"keywords":null},{"@type":"Article","@id":"https:\/\/www.cebera.cz\/s-kozenymi-sedackami-prichazi-luxus-do-kazde-mistnosti\/","headline":"S ko\u017een\u00fdmi seda\u010dkami p\u0159ich\u00e1z\u00ed luxus do ka\u017ed\u00e9 m\u00edstnosti","url":"https:\/\/www.cebera.cz\/s-kozenymi-sedackami-prichazi-luxus-do-kazde-mistnosti\/","datePublished":"2023-09-20","dateModified":"2023-09-20","mainEntityOfPage":"https:\/\/www.cebera.cz\/s-kozenymi-sedackami-prichazi-luxus-do-kazde-mistnosti\/","author":{"@type":"Person","@id":"https:\/\/www.cebera.cz\/author\/#Person","name":"","url":"https:\/\/www.cebera.cz\/author\/","identifier":1,"image":{"@type":"ImageObject","@id":"https:\/\/secure.gravatar.com\/avatar\/bbaa4e9a58aac4329fe0ade0f3fb816f09f0dc43c21f6e884dccfbc124b16b29?s=96&d=mm&r=g","url":"https:\/\/secure.gravatar.com\/avatar\/bbaa4e9a58aac4329fe0ade0f3fb816f09f0dc43c21f6e884dccfbc124b16b29?s=96&d=mm&r=g","height":96,"width":96}},"publisher":{"@type":"Organization","name":"cebera.cz","logo":{"@type":"ImageObject","@id":"\/logo.png","url":"\/logo.png","width":600,"height":60}},"image":null,"wordCount":284,"keywords":null},{"@type":"Article","@id":"https:\/\/www.cebera.cz\/kolagen-se-da-zakoupit-i-v-prasku\/","headline":"Kolagen se d\u00e1 zakoupit i v pr\u00e1\u0161ku","url":"https:\/\/www.cebera.cz\/kolagen-se-da-zakoupit-i-v-prasku\/","datePublished":"2023-08-27","dateModified":"2023-09-28","mainEntityOfPage":"https:\/\/www.cebera.cz\/kolagen-se-da-zakoupit-i-v-prasku\/","author":{"@type":"Person","@id":"https:\/\/www.cebera.cz\/author\/#Person","name":"","url":"https:\/\/www.cebera.cz\/author\/","identifier":1,"image":{"@type":"ImageObject","@id":"https:\/\/secure.gravatar.com\/avatar\/bbaa4e9a58aac4329fe0ade0f3fb816f09f0dc43c21f6e884dccfbc124b16b29?s=96&d=mm&r=g","url":"https:\/\/secure.gravatar.com\/avatar\/bbaa4e9a58aac4329fe0ade0f3fb816f09f0dc43c21f6e884dccfbc124b16b29?s=96&d=mm&r=g","height":96,"width":96}},"publisher":{"@type":"Organization","name":"cebera.cz","logo":{"@type":"ImageObject","@id":"\/logo.png","url":"\/logo.png","width":600,"height":60}},"image":{"@type":"ImageObject","@id":"https:\/\/www.cebera.cz\/wp-content\/uploads\/flower-3141777_1280_1.jpg","url":"https:\/\/www.cebera.cz\/wp-content\/uploads\/flower-3141777_1280_1.jpg","height":0,"width":0},"wordCount":540,"keywords":null},{"@type":"Article","@id":"https:\/\/www.cebera.cz\/internetove-stranky\/","headline":"Internetov\u00e9 str\u00e1nky","url":"https:\/\/www.cebera.cz\/internetove-stranky\/","datePublished":"2023-08-14","dateModified":"2023-08-14","mainEntityOfPage":"https:\/\/www.cebera.cz\/internetove-stranky\/","author":{"@type":"Person","@id":"https:\/\/www.cebera.cz\/author\/#Person","name":"","url":"https:\/\/www.cebera.cz\/author\/","identifier":1,"image":{"@type":"ImageObject","@id":"https:\/\/secure.gravatar.com\/avatar\/bbaa4e9a58aac4329fe0ade0f3fb816f09f0dc43c21f6e884dccfbc124b16b29?s=96&d=mm&r=g","url":"https:\/\/secure.gravatar.com\/avatar\/bbaa4e9a58aac4329fe0ade0f3fb816f09f0dc43c21f6e884dccfbc124b16b29?s=96&d=mm&r=g","height":96,"width":96}},"publisher":{"@type":"Organization","name":"cebera.cz","logo":{"@type":"ImageObject","@id":"\/logo.png","url":"\/logo.png","width":600,"height":60}},"image":{"@type":"ImageObject","@id":"https:\/\/www.cebera.cz\/wp-content\/uploads\/pexels-cottonbro-studio-7350906.jpg","url":"https:\/\/www.cebera.cz\/wp-content\/uploads\/pexels-cottonbro-studio-7350906.jpg","height":0,"width":0},"wordCount":623,"keywords":null},{"@type":"Article","@id":"https:\/\/www.cebera.cz\/nebojte-se-novych-veci\/","headline":"Nebojte se nov\u00fdch v\u011bc\u00ed","url":"https:\/\/www.cebera.cz\/nebojte-se-novych-veci\/","datePublished":"2023-08-13","dateModified":"2023-08-13","mainEntityOfPage":"https:\/\/www.cebera.cz\/nebojte-se-novych-veci\/","author":{"@type":"Person","@id":"https:\/\/www.cebera.cz\/author\/#Person","name":"","url":"https:\/\/www.cebera.cz\/author\/","identifier":1,"image":{"@type":"ImageObject","@id":"https:\/\/secure.gravatar.com\/avatar\/bbaa4e9a58aac4329fe0ade0f3fb816f09f0dc43c21f6e884dccfbc124b16b29?s=96&d=mm&r=g","url":"https:\/\/secure.gravatar.com\/avatar\/bbaa4e9a58aac4329fe0ade0f3fb816f09f0dc43c21f6e884dccfbc124b16b29?s=96&d=mm&r=g","height":96,"width":96}},"publisher":{"@type":"Organization","name":"cebera.cz","logo":{"@type":"ImageObject","@id":"\/logo.png","url":"\/logo.png","width":600,"height":60}},"image":null,"wordCount":273,"keywords":null},{"@type":"Article","@id":"https:\/\/www.cebera.cz\/dovolena-v-alpach\/","headline":"Dovolen\u00e1 v Alp\u00e1ch","url":"https:\/\/www.cebera.cz\/dovolena-v-alpach\/","datePublished":"2023-08-05","dateModified":"2023-08-05","mainEntityOfPage":"https:\/\/www.cebera.cz\/dovolena-v-alpach\/","author":{"@type":"Person","@id":"https:\/\/www.cebera.cz\/author\/#Person","name":"","url":"https:\/\/www.cebera.cz\/author\/","identifier":1,"image":{"@type":"ImageObject","@id":"https:\/\/secure.gravatar.com\/avatar\/bbaa4e9a58aac4329fe0ade0f3fb816f09f0dc43c21f6e884dccfbc124b16b29?s=96&d=mm&r=g","url":"https:\/\/secure.gravatar.com\/avatar\/bbaa4e9a58aac4329fe0ade0f3fb816f09f0dc43c21f6e884dccfbc124b16b29?s=96&d=mm&r=g","height":96,"width":96}},"publisher":{"@type":"Organization","name":"cebera.cz","logo":{"@type":"ImageObject","@id":"\/logo.png","url":"\/logo.png","width":600,"height":60}},"image":{"@type":"ImageObject","@id":"https:\/\/www.cebera.cz\/wp-content\/uploads\/dachstein-3619487_640.jpg","url":"https:\/\/www.cebera.cz\/wp-content\/uploads\/dachstein-3619487_640.jpg","height":0,"width":0},"wordCount":578,"keywords":null},{"@type":"Article","@id":"https:\/\/www.cebera.cz\/skvely-prirodni-pomocnik\/","headline":"Skv\u011bl\u00fd p\u0159\u00edrodn\u00ed pomocn\u00edk","url":"https:\/\/www.cebera.cz\/skvely-prirodni-pomocnik\/","datePublished":"2023-07-04","dateModified":"2024-07-07","mainEntityOfPage":"https:\/\/www.cebera.cz\/skvely-prirodni-pomocnik\/","author":{"@type":"Person","@id":"https:\/\/www.cebera.cz\/author\/#Person","name":"","url":"https:\/\/www.cebera.cz\/author\/","identifier":1,"image":{"@type":"ImageObject","@id":"https:\/\/secure.gravatar.com\/avatar\/bbaa4e9a58aac4329fe0ade0f3fb816f09f0dc43c21f6e884dccfbc124b16b29?s=96&d=mm&r=g","url":"https:\/\/secure.gravatar.com\/avatar\/bbaa4e9a58aac4329fe0ade0f3fb816f09f0dc43c21f6e884dccfbc124b16b29?s=96&d=mm&r=g","height":96,"width":96}},"publisher":{"@type":"Organization","name":"cebera.cz","logo":{"@type":"ImageObject","@id":"\/logo.png","url":"\/logo.png","width":600,"height":60}},"image":null,"wordCount":282,"keywords":null},{"@type":"Article","@id":"https:\/\/www.cebera.cz\/nereste-a-rovnou-se-obratte-na-nas\/","headline":"Ne\u0159e\u0161te, a rovnou se obra\u0165te na n\u00e1s","url":"https:\/\/www.cebera.cz\/nereste-a-rovnou-se-obratte-na-nas\/","datePublished":"2023-05-17","dateModified":"2024-05-20","mainEntityOfPage":"https:\/\/www.cebera.cz\/nereste-a-rovnou-se-obratte-na-nas\/","author":{"@type":"Person","@id":"https:\/\/www.cebera.cz\/author\/#Person","name":"","url":"https:\/\/www.cebera.cz\/author\/","identifier":1,"image":{"@type":"ImageObject","@id":"https:\/\/secure.gravatar.com\/avatar\/bbaa4e9a58aac4329fe0ade0f3fb816f09f0dc43c21f6e884dccfbc124b16b29?s=96&d=mm&r=g","url":"https:\/\/secure.gravatar.com\/avatar\/bbaa4e9a58aac4329fe0ade0f3fb816f09f0dc43c21f6e884dccfbc124b16b29?s=96&d=mm&r=g","height":96,"width":96}},"publisher":{"@type":"Organization","name":"cebera.cz","logo":{"@type":"ImageObject","@id":"\/logo.png","url":"\/logo.png","width":600,"height":60}},"image":null,"wordCount":293,"keywords":null},{"@type":"Article","@id":"https:\/\/www.cebera.cz\/jak-vydelat-na-internetu\/","headline":"Jak vyd\u011blat na internetu?","url":"https:\/\/www.cebera.cz\/jak-vydelat-na-internetu\/","datePublished":"2023-05-11","dateModified":"2023-05-11","mainEntityOfPage":"https:\/\/www.cebera.cz\/jak-vydelat-na-internetu\/","author":{"@type":"Person","@id":"https:\/\/www.cebera.cz\/author\/#Person","name":"","url":"https:\/\/www.cebera.cz\/author\/","identifier":1,"image":{"@type":"ImageObject","@id":"https:\/\/secure.gravatar.com\/avatar\/bbaa4e9a58aac4329fe0ade0f3fb816f09f0dc43c21f6e884dccfbc124b16b29?s=96&d=mm&r=g","url":"https:\/\/secure.gravatar.com\/avatar\/bbaa4e9a58aac4329fe0ade0f3fb816f09f0dc43c21f6e884dccfbc124b16b29?s=96&d=mm&r=g","height":96,"width":96}},"publisher":{"@type":"Organization","name":"cebera.cz","logo":{"@type":"ImageObject","@id":"\/logo.png","url":"\/logo.png","width":600,"height":60}},"image":{"@type":"ImageObject","@id":"https:\/\/www.cebera.cz\/wp-content\/uploads\/img_a336495_w2694_t1549907675.jpg","url":"https:\/\/www.cebera.cz\/wp-content\/uploads\/img_a336495_w2694_t1549907675.jpg","height":0,"width":0},"wordCount":4467,"keywords":null},{"@type":"Article","@id":"https:\/\/www.cebera.cz\/jaky-je-rozdil-mezi-vyhledavacem-a-prohlizecem\/","headline":"Jak\u00fd je rozd\u00edl mezi vyhled\u00e1va\u010dem a prohl\u00ed\u017ee\u010dem?","url":"https:\/\/www.cebera.cz\/jaky-je-rozdil-mezi-vyhledavacem-a-prohlizecem\/","datePublished":"2023-05-11","dateModified":"2023-05-11","mainEntityOfPage":"https:\/\/www.cebera.cz\/jaky-je-rozdil-mezi-vyhledavacem-a-prohlizecem\/","author":{"@type":"Person","@id":"https:\/\/www.cebera.cz\/author\/#Person","name":"","url":"https:\/\/www.cebera.cz\/author\/","identifier":1,"image":{"@type":"ImageObject","@id":"https:\/\/secure.gravatar.com\/avatar\/bbaa4e9a58aac4329fe0ade0f3fb816f09f0dc43c21f6e884dccfbc124b16b29?s=96&d=mm&r=g","url":"https:\/\/secure.gravatar.com\/avatar\/bbaa4e9a58aac4329fe0ade0f3fb816f09f0dc43c21f6e884dccfbc124b16b29?s=96&d=mm&r=g","height":96,"width":96}},"publisher":{"@type":"Organization","name":"cebera.cz","logo":{"@type":"ImageObject","@id":"\/logo.png","url":"\/logo.png","width":600,"height":60}},"image":{"@type":"ImageObject","@id":"https:\/\/www.cebera.cz\/wp-content\/uploads\/img_a328315_w2157_t1540648303.jpg","url":"https:\/\/www.cebera.cz\/wp-content\/uploads\/img_a328315_w2157_t1540648303.jpg","height":0,"width":0},"wordCount":528,"keywords":null}]},{"@context":"https:\/\/schema.org","@type":"WebSite","@id":"https:\/\/www.cebera.cz\/#website","name":"Cebera","url":"https:\/\/www.cebera.cz","potentialAction":{"@type":"SearchAction","target":"https:\/\/www.cebera.cz\/?s={search_term_string}","query-input":"required name=search_term_string"}}]